{"id":205,"date":"2023-07-15T18:20:49","date_gmt":"2023-07-15T18:20:49","guid":{"rendered":"https:\/\/labs.100x100.net\/projects\/velaclassica\/?p=205"},"modified":"2024-02-22T22:33:26","modified_gmt":"2024-02-22T22:33:26","slug":"la-regata-puig-vela-classica-cierra-su-xvi-edicion-integrando-las-leyendas-clasicas-con-el-avance-futuro-de-la-37-copa-america","status":"publish","type":"post","link":"https:\/\/www.puigvelaclassica.com\/es\/la-regata-puig-vela-classica-cierra-su-xvi-edicion-integrando-las-leyendas-clasicas-con-el-avance-futuro-de-la-37-copa-america\/","title":{"rendered":"La Regata Puig Vela Cl\u00e0ssica cierra su XVI edici\u00f3n integrando las leyendas cl\u00e1sicas con el avance futuro de la 37 Copa Am\u00e9rica"},"content":{"rendered":"<ul>\n<li><strong>Argyll, Marigan, Disparate,<\/strong> <strong>Argos, Ojal\u00e1 II, Legolas y Viveka, triunfadores de la XVI edici\u00f3n.<\/strong><\/li>\n<li><strong>Regata Puig Vela Cl\u00e0ssica y Copa Am\u00e9rica: la tradici\u00f3n y la vanguardia de la navegaci\u00f3n comparten campo de regatas.<\/strong><\/li>\n<li><strong>Un desfile de los veleros para empezar y un cierre espectacular en la misma bocana del Puerto de Barcelona <\/strong><\/li>\n<\/ul>\n<p><img loading=\"lazy\" decoding=\"async\" class=\"alignnone size-full wp-image-6412\" src=\"https:\/\/hundreds-wordpress-uploads.s3.amazonaws.com\/velaclassica\/uploads\/2024\/01\/winners2023.jpeg\" alt=\"\" width=\"1000\" height=\"667\" \/><\/p>\n<p>La Regata Puig Vela Cl\u00e0ssica pliega sus velas hasta 2024, a\u00f1o en que compartir\u00e1 las aguas de Barcelona con los contendientes de la 37 Copa Am\u00e9rica, tras una exitosa edici\u00f3n en la que casi 50 veleros y 400 participantes han rivalizado por alzarse con los distintos trofeos en juego. Con Argyll, Marigan, Disparate, Argos, Ojala II, Legolas y Viveka como ganadores de la clasificaci\u00f3n general de sus respectivas categor\u00edas, la XVI edici\u00f3n se despide hasta septiembre de 2024.<\/p>\n<p>La tercera y \u00faltima jornada de la 16 Puig Vela Cl\u00e0ssica comenz\u00f3 con el desfile de la flota, que, tras soltar amarras en el Real Club N\u00e1utico de Barcelona, pas\u00f3 ordenadamente por el puente grande que une el Portal de la Pau con el Maremagnum. A su paso, el p\u00fablico pudo deleitarse con el lento paso de los barcos y una presentaci\u00f3n de cada velero por parte del presidente de la Asociaci\u00f3n Espa\u00f1ola de Barcos de \u00c9poca, Leonardo Garc\u00eda de Vicentiis.<\/p>\n<p>Ya en el campo de regatas comenz\u00f3 la tercera prueba disputada con el innovador sistema Salida Inversa, saliendo escalonadamente de uno en uno y en orden de mayor a menor rating, calculado sobre las 9,7 millas del recorrido de hoy. Con ello, se ofrece la oportunidad te\u00f3rica de llegar todos a la vez a la l\u00ednea de llegada, siendo el primero en cruzarla el vencedor de la regata en su categor\u00eda. L\u00f3gicamente el factor humano decide la competici\u00f3n.<\/p>\n<p>El primer barco en salir fue el cl\u00e1sico Le Temps Perdu, iniciando el recorrido con un t\u00edmido viento de Garb\u00ed (Sur) que hoy ha soplado entre 8 y 10 nudos de intensidad. Este innovador sistema ha permitido ver las prestaciones de los barcos de los distintos grupos enfrent\u00e1ndose entre s\u00ed, y la honrilla deportiva por ser el mejor de todos los participantes.<\/p>\n<p><img loading=\"lazy\" decoding=\"async\" class=\"alignnone size-full wp-image-6432\" src=\"https:\/\/hundreds-wordpress-uploads.s3.amazonaws.com\/velaclassica\/uploads\/2024\/01\/Marigan.jpeg\" alt=\"\" width=\"1500\" height=\"1000\" \/><\/p>\n<p><strong>Emocionante desenlace de la regata inversa<\/strong><\/p>\n<p>A medida que transcurr\u00eda el recorrido (una ce\u00f1ida, una empopada, un trav\u00e9s y regreso a la boya de la primera ce\u00f1ida) los mejores barcos de la flota se iban agrupando, a falta del espr\u00edn final hacia el interior bocana norte. Pero antes deb\u00edan dejar una boya a estribos una \u00faltima baliza, levemente m\u00e1s a barlovento del rumbo directo hacia la bocana. En el paso de la \u00faltima boya de ce\u00f1ida lideraba el Marigan (\u00c9poca Cangreja), que ve\u00eda como el Argyll (\u00c9poca Bermudian) le hab\u00eda recortado su ventaja a solo un minuto, prometiendo un final de infarto. M\u00e1s retrasados iniciaban la fase final el Mariska (Big Boat), Argos (Cl\u00e1sicos 2) y el Viveka (Big Boat), y cuando la emoci\u00f3n se centraba en si el Marigan contuviera el acoso del Argyll, ambos barcos se olvidaron de la \u00faltima boya. Mientras el Argyll pudo arriar el esp\u00ed y ce\u00f1ir sin bordos hasta el punto de paso, el Marigan tuvo que retroceder ci\u00f1endo con una bordada. As\u00ed, hubo una nueva alternativa para el desenlace final a una milla escasa de la meta. El Mariska y los dem\u00e1s barcos navegaron a un trav\u00e9s a m\u00e1xima velocidad hacia la \u00faltima boya, situ\u00e1ndose muy cerca del nuevo l\u00edder Argyll, mientras el Marigan ca\u00eda a la tercera posici\u00f3n, viendo como el mayor Viveka le superaba en los metros finales de empopada ya en el interior del puerto de Barcelona.<\/p>\n<p><img loading=\"lazy\" decoding=\"async\" class=\"size-full wp-image-6415\" src=\"https:\/\/hundreds-wordpress-uploads.s3.amazonaws.com\/velaclassica\/uploads\/2024\/01\/Viveka.jpeg\" alt=\"\" width=\"1500\" height=\"1000\" \/><\/p>\n<p><strong>Clasificaciones finales sin apenas cambios<\/strong><\/p>\n<p>La victoria hoy en Big Boats del Mariska no le ha permitido superar al Viveka, que ha logrado vencer en su categor\u00eda. El Hallowen hoy finalizaba tercero, id\u00e9ntica posici\u00f3n en su clasificaci\u00f3n final. En \u00c9poca Bermudian el Argyll lograba hoy su tercera victoria parcial, que le val\u00edan la primera posici\u00f3n, antecediendo al Manitou, hoy tercero, que ha sabido defender el segundo pelda\u00f1o del podio frente al Almar\u00e1n New York, que finalizaba la prueba de hoyen segunda posici\u00f3n. Los tambi\u00e9n \u00c9poca pero con aparejo Cangreja, se repet\u00edan los resultados parciales de las dos primeras jornadas, confirm\u00e1ndose la victoria del Marigan, seguido por los Gipsy y Freda.<\/p>\n<p><img loading=\"lazy\" decoding=\"async\" class=\"alignnone size-full wp-image-6418\" src=\"https:\/\/hundreds-wordpress-uploads.s3.amazonaws.com\/velaclassica\/uploads\/2024\/01\/Argyll.jpeg\" alt=\"\" width=\"1500\" height=\"1000\" \/><\/p>\n<p>No hubo sorpresas en Cl\u00e1sicos 1, y se confirmaba el podio final con el Disparate en el pelda\u00f1o m\u00e1s alto del podio, seguido por el Nerissa y el Kahurangi, que han mantenido este mismo orden a lo largo de la Puig Vela Cl\u00e0ssica. Tampoco en Cl\u00e1sicos 2 hubo cambios en los resultados parciales de d\u00edas anteriores, y por ende en la clasificaci\u00f3n. Por este orden se clasificaban los Argos, Clarionet, Sea Fever y Asu. Pero la cerrada lucha por las tres siguientes posiciones alter\u00f3 las cosas, siendo finalmente quinto clasificado el Melibea II, con un punto de ventaja sobre el Baltar, quien a su vez sacaba otro punto al s\u00e9ptimo clasificado Karmatan II.<\/p>\n<p><img loading=\"lazy\" decoding=\"async\" class=\"alignnone size-full wp-image-6421\" src=\"https:\/\/hundreds-wordpress-uploads.s3.amazonaws.com\/velaclassica\/uploads\/2024\/01\/Argos.jpeg\" alt=\"\" width=\"1500\" height=\"1000\" \/><\/p>\n<p>Legolas, Malira y Phidias en Modern Classic calcaban resultados anteriores y manten\u00edan el orden final, mientras que en Classics IOR tras el intratable Ojala II hoy el Sandra superaba al Emeraude, pero sin margen para robarle la cartera y ganar el segundo pelda\u00f1o del podio.<\/p>\n<p><img loading=\"lazy\" decoding=\"async\" class=\"alignnone size-full wp-image-6424\" src=\"https:\/\/hundreds-wordpress-uploads.s3.amazonaws.com\/velaclassica\/uploads\/2024\/01\/Legolas.jpeg\" alt=\"\" width=\"1500\" height=\"1000\" \/><\/p>\n<p><strong>Puig Vela Cl\u00e0ssica Regatta and America&#8217;s Cup: Tradition and vanguard<\/strong><\/p>\n<p>Puig, siguiendo con su larga trayectoria en el patrocinio deportivo y su compromiso con la ciudad de Barcelona, anunci\u00f3 recientemente su asociaci\u00f3n con la 37\u00aa Copa Am\u00e9rica, tanto como patrocinador global del evento como dando nombre a la primera Women\u2019s America\u2019s Cup. Esta innovadora iniciativa proporcionar\u00e1 a las regatistas una plataforma para mostrar sus habilidades y talento en los AC40 de alto rendimiento de Copa Am\u00e9rica. Al respaldar la regata Puig Women&#8217;s America\u2019s Cup, Puig demuestra su compromiso para promover la igualdad de g\u00e9nero dentro del deporte de la vela.<\/p>\n<p><img loading=\"lazy\" decoding=\"async\" class=\"alignnone size-full wp-image-6427\" src=\"https:\/\/hundreds-wordpress-uploads.s3.amazonaws.com\/velaclassica\/uploads\/2024\/01\/Disparate.jpeg\" alt=\"\" width=\"1500\" height=\"1000\" \/><\/p>\n<p><strong>Ganadores de la clasificaci\u00f3n general:<\/strong><\/p>\n<p><strong>\u00c9poca Bermudian<\/strong><br \/>\n1. ARGYLL<br \/>\n2. MANITOU<br \/>\n3. ALMARAN NEW YORK<\/p>\n<p><strong>\u00c9poca Cangreja<\/strong><br \/>\n1. MARIGAN<br \/>\n2. GIPSY<br \/>\n3. GRAYLING<\/p>\n<p><strong>Cl\u00e1sicos 1<\/strong><br \/>\n1. DISPARATE<br \/>\n2. NERISSA<br \/>\n3. KAHURANGI<\/p>\n<p><strong>Cl\u00e1sicos 2<\/strong><br \/>\n1. ARGOS<br \/>\n2. CLARIONET<br \/>\n3. SEA FEVER<\/p>\n<p><strong>Classic IOR<\/strong><br \/>\n1. OJALA II<br \/>\n2. EMERAUDE<br \/>\n3. SANDRA<\/p>\n<p><strong>Modern Classic<\/strong><br \/>\n1. LEGOLAS<br \/>\n2. MALIRA 3<br \/>\n3. PHIDIAS<\/p>\n<p><strong>Big Boat<\/strong><br \/>\n1. VIVEKA<br \/>\n2. MARISKA<br \/>\n3. HALLOWE\u2019EN<\/p>\n<p>Para consultar los resultados de la tercera jornada y las clasificaciones generales completas, pincha en el siguiente <a href=\"https:\/\/www.puigvelaclassica.com\/es\/clasificaciones\/\">enlace<\/a>.<\/p>\n","protected":false},"excerpt":{"rendered":"<p>Argyll, Marigan, Disparate, Argos, Ojal\u00e1 II, Legolas y Viveka, triunfadores de la XVI edici\u00f3n. Regata Puig Vela Cl\u00e0ssica y Copa Am\u00e9rica: la tradici\u00f3n y la vanguardia de la navegaci\u00f3n comparten campo de regatas. Un desfile de los veleros para empezar y un cierre espectacular en la misma bocana del Puerto de Barcelona La Regata Puig [&hellip;]<\/p>\n","protected":false},"author":1,"featured_media":191,"comment_status":"closed","ping_status":"closed","sticky":false,"template":"","format":"standard","meta":{"_acf_changed":false,"footnotes":""},"categories":[1],"class_list":["post-205","post","type-post","status-publish","format-standard","has-post-thumbnail","hentry","category-archive"],"acf":[],"yoast_head":"<!-- This site is optimized with the Yoast SEO plugin v25.6 - https:\/\/yoast.com\/wordpress\/plugins\/seo\/ -->\n<title>La Regata Puig Vela Cl\u00e0ssica cierra su XVI edici\u00f3n integrando las leyendas cl\u00e1sicas con el avance futuro de la 37 Copa Am\u00e9rica - Puig Vela Cl\u00e0ssica Barcelona<\/title>\n<meta name=\"description\" content=\"La Regata Puig Vela Cl\u00e0ssica cierra su XVI edici\u00f3n integrando las leyendas cl\u00e1sicas con el avance futuro de la 37 Copa Am\u00e9rica\" \/>\n<meta name=\"robots\" content=\"index, follow, max-snippet:-1, max-image-preview:large, max-video-preview:-1\" \/>\n<link rel=\"canonical\" href=\"https:\/\/www.puigvelaclassica.com\/es\/la-regata-puig-vela-classica-cierra-su-xvi-edicion-integrando-las-leyendas-clasicas-con-el-avance-futuro-de-la-37-copa-america\/\" \/>\n<meta property=\"og:locale\" content=\"es_ES\" \/>\n<meta property=\"og:type\" content=\"article\" \/>\n<meta property=\"og:title\" content=\"La Regata Puig Vela Cl\u00e0ssica cierra su XVI edici\u00f3n integrando las leyendas cl\u00e1sicas con el avance futuro de la 37 Copa Am\u00e9rica - Puig Vela Cl\u00e0ssica Barcelona\" \/>\n<meta property=\"og:description\" content=\"La Regata Puig Vela Cl\u00e0ssica cierra su XVI edici\u00f3n integrando las leyendas cl\u00e1sicas con el avance futuro de la 37 Copa Am\u00e9rica\" \/>\n<meta property=\"og:url\" content=\"https:\/\/www.puigvelaclassica.com\/es\/la-regata-puig-vela-classica-cierra-su-xvi-edicion-integrando-las-leyendas-clasicas-con-el-avance-futuro-de-la-37-copa-america\/\" \/>\n<meta property=\"og:site_name\" content=\"Puig Vela Cl\u00e0ssica Barcelona\" \/>\n<meta property=\"article:published_time\" content=\"2023-07-15T18:20:49+00:00\" \/>\n<meta property=\"article:modified_time\" content=\"2024-02-22T22:33:26+00:00\" \/>\n<meta property=\"og:image\" content=\"https:\/\/hundreds-wordpress-uploads.s3.amazonaws.com\/velaclassica\/uploads\/2024\/01\/Marigan.jpeg\" \/>\n\t<meta property=\"og:image:width\" content=\"1500\" \/>\n\t<meta property=\"og:image:height\" content=\"1000\" \/>\n\t<meta property=\"og:image:type\" content=\"image\/jpeg\" \/>\n<meta name=\"author\" content=\"velaclassica\" \/>\n<meta name=\"twitter:card\" content=\"summary_large_image\" \/>\n<meta name=\"twitter:label1\" content=\"Escrito por\" \/>\n\t<meta name=\"twitter:data1\" content=\"velaclassica\" \/>\n\t<meta name=\"twitter:label2\" content=\"Tiempo de lectura\" \/>\n\t<meta name=\"twitter:data2\" content=\"7 minutos\" \/>\n<script type=\"application\/ld+json\" class=\"yoast-schema-graph\">{\"@context\":\"https:\/\/schema.org\",\"@graph\":[{\"@type\":\"WebPage\",\"@id\":\"https:\/\/www.puigvelaclassica.com\/es\/la-regata-puig-vela-classica-cierra-su-xvi-edicion-integrando-las-leyendas-clasicas-con-el-avance-futuro-de-la-37-copa-america\/\",\"url\":\"https:\/\/www.puigvelaclassica.com\/es\/la-regata-puig-vela-classica-cierra-su-xvi-edicion-integrando-las-leyendas-clasicas-con-el-avance-futuro-de-la-37-copa-america\/\",\"name\":\"La Regata Puig Vela Cl\u00e0ssica cierra su XVI edici\u00f3n integrando las leyendas cl\u00e1sicas con el avance futuro de la 37 Copa Am\u00e9rica - Puig Vela Cl\u00e0ssica Barcelona\",\"isPartOf\":{\"@id\":\"https:\/\/mail.puigvelaclasica.com\/es\/#website\"},\"primaryImageOfPage\":{\"@id\":\"https:\/\/www.puigvelaclassica.com\/es\/la-regata-puig-vela-classica-cierra-su-xvi-edicion-integrando-las-leyendas-clasicas-con-el-avance-futuro-de-la-37-copa-america\/#primaryimage\"},\"image\":{\"@id\":\"https:\/\/www.puigvelaclassica.com\/es\/la-regata-puig-vela-classica-cierra-su-xvi-edicion-integrando-las-leyendas-clasicas-con-el-avance-futuro-de-la-37-copa-america\/#primaryimage\"},\"thumbnailUrl\":\"https:\/\/hundreds-wordpress-uploads.s3.amazonaws.com\/velaclassica\/uploads\/2024\/01\/Marigan.jpeg\",\"datePublished\":\"2023-07-15T18:20:49+00:00\",\"dateModified\":\"2024-02-22T22:33:26+00:00\",\"author\":{\"@id\":\"https:\/\/mail.puigvelaclasica.com\/es\/#\/schema\/person\/0f1f6cd6f23050a19e91a3003de34c7e\"},\"description\":\"La Regata Puig Vela Cl\u00e0ssica cierra su XVI edici\u00f3n integrando las leyendas cl\u00e1sicas con el avance futuro de la 37 Copa Am\u00e9rica\",\"breadcrumb\":{\"@id\":\"https:\/\/www.puigvelaclassica.com\/es\/la-regata-puig-vela-classica-cierra-su-xvi-edicion-integrando-las-leyendas-clasicas-con-el-avance-futuro-de-la-37-copa-america\/#breadcrumb\"},\"inLanguage\":\"es\",\"potentialAction\":[{\"@type\":\"ReadAction\",\"target\":[\"https:\/\/www.puigvelaclassica.com\/es\/la-regata-puig-vela-classica-cierra-su-xvi-edicion-integrando-las-leyendas-clasicas-con-el-avance-futuro-de-la-37-copa-america\/\"]}]},{\"@type\":\"ImageObject\",\"inLanguage\":\"es\",\"@id\":\"https:\/\/www.puigvelaclassica.com\/es\/la-regata-puig-vela-classica-cierra-su-xvi-edicion-integrando-las-leyendas-clasicas-con-el-avance-futuro-de-la-37-copa-america\/#primaryimage\",\"url\":\"https:\/\/hundreds-wordpress-uploads.s3.amazonaws.com\/velaclassica\/uploads\/2024\/01\/Marigan.jpeg\",\"contentUrl\":\"https:\/\/hundreds-wordpress-uploads.s3.amazonaws.com\/velaclassica\/uploads\/2024\/01\/Marigan.jpeg\",\"width\":1500,\"height\":1000,\"caption\":\"14\/7\/23 - PUIG VELA CLASSICA BARCELONA XVI EDITION\"},{\"@type\":\"BreadcrumbList\",\"@id\":\"https:\/\/www.puigvelaclassica.com\/es\/la-regata-puig-vela-classica-cierra-su-xvi-edicion-integrando-las-leyendas-clasicas-con-el-avance-futuro-de-la-37-copa-america\/#breadcrumb\",\"itemListElement\":[{\"@type\":\"ListItem\",\"position\":1,\"name\":\"Home\",\"item\":\"https:\/\/mail.puigvelaclasica.com\/es\/\"},{\"@type\":\"ListItem\",\"position\":2,\"name\":\"La Regata Puig Vela Cl\u00e0ssica cierra su XVI edici\u00f3n integrando las leyendas cl\u00e1sicas con el avance futuro de la 37 Copa Am\u00e9rica\"}]},{\"@type\":\"WebSite\",\"@id\":\"https:\/\/mail.puigvelaclasica.com\/es\/#website\",\"url\":\"https:\/\/mail.puigvelaclasica.com\/es\/\",\"name\":\"Puig Vela Cl\u00e0ssica Barcelona\",\"description\":\"\",\"potentialAction\":[{\"@type\":\"SearchAction\",\"target\":{\"@type\":\"EntryPoint\",\"urlTemplate\":\"https:\/\/mail.puigvelaclasica.com\/es\/?s={search_term_string}\"},\"query-input\":{\"@type\":\"PropertyValueSpecification\",\"valueRequired\":true,\"valueName\":\"search_term_string\"}}],\"inLanguage\":\"es\"},{\"@type\":\"Person\",\"@id\":\"https:\/\/mail.puigvelaclasica.com\/es\/#\/schema\/person\/0f1f6cd6f23050a19e91a3003de34c7e\",\"name\":\"velaclassica\",\"image\":{\"@type\":\"ImageObject\",\"inLanguage\":\"es\",\"@id\":\"https:\/\/mail.puigvelaclasica.com\/es\/#\/schema\/person\/image\/\",\"url\":\"https:\/\/secure.gravatar.com\/avatar\/18a97ff0e5d67038bad233b79246a7f922424d224871d207487c88e471e664c2?s=96&d=mm&r=g\",\"contentUrl\":\"https:\/\/secure.gravatar.com\/avatar\/18a97ff0e5d67038bad233b79246a7f922424d224871d207487c88e471e664c2?s=96&d=mm&r=g\",\"caption\":\"velaclassica\"},\"sameAs\":[\"https:\/\/puigvelaclassica.com\/\"],\"url\":\"https:\/\/www.puigvelaclassica.com\/es\/author\/velaclassica\/\"}]}<\/script>\n<!-- \/ Yoast SEO plugin. -->","yoast_head_json":{"title":"La Regata Puig Vela Cl\u00e0ssica cierra su XVI edici\u00f3n integrando las leyendas cl\u00e1sicas con el avance futuro de la 37 Copa Am\u00e9rica - Puig Vela Cl\u00e0ssica Barcelona","description":"La Regata Puig Vela Cl\u00e0ssica cierra su XVI edici\u00f3n integrando las leyendas cl\u00e1sicas con el avance futuro de la 37 Copa Am\u00e9rica","robots":{"index":"index","follow":"follow","max-snippet":"max-snippet:-1","max-image-preview":"max-image-preview:large","max-video-preview":"max-video-preview:-1"},"canonical":"https:\/\/www.puigvelaclassica.com\/es\/la-regata-puig-vela-classica-cierra-su-xvi-edicion-integrando-las-leyendas-clasicas-con-el-avance-futuro-de-la-37-copa-america\/","og_locale":"es_ES","og_type":"article","og_title":"La Regata Puig Vela Cl\u00e0ssica cierra su XVI edici\u00f3n integrando las leyendas cl\u00e1sicas con el avance futuro de la 37 Copa Am\u00e9rica - Puig Vela Cl\u00e0ssica Barcelona","og_description":"La Regata Puig Vela Cl\u00e0ssica cierra su XVI edici\u00f3n integrando las leyendas cl\u00e1sicas con el avance futuro de la 37 Copa Am\u00e9rica","og_url":"https:\/\/www.puigvelaclassica.com\/es\/la-regata-puig-vela-classica-cierra-su-xvi-edicion-integrando-las-leyendas-clasicas-con-el-avance-futuro-de-la-37-copa-america\/","og_site_name":"Puig Vela Cl\u00e0ssica Barcelona","article_published_time":"2023-07-15T18:20:49+00:00","article_modified_time":"2024-02-22T22:33:26+00:00","og_image":[{"width":1500,"height":1000,"url":"https:\/\/hundreds-wordpress-uploads.s3.amazonaws.com\/velaclassica\/uploads\/2024\/01\/Marigan.jpeg","type":"image\/jpeg"}],"author":"velaclassica","twitter_card":"summary_large_image","twitter_misc":{"Escrito por":"velaclassica","Tiempo de lectura":"7 minutos"},"schema":{"@context":"https:\/\/schema.org","@graph":[{"@type":"WebPage","@id":"https:\/\/www.puigvelaclassica.com\/es\/la-regata-puig-vela-classica-cierra-su-xvi-edicion-integrando-las-leyendas-clasicas-con-el-avance-futuro-de-la-37-copa-america\/","url":"https:\/\/www.puigvelaclassica.com\/es\/la-regata-puig-vela-classica-cierra-su-xvi-edicion-integrando-las-leyendas-clasicas-con-el-avance-futuro-de-la-37-copa-america\/","name":"La Regata Puig Vela Cl\u00e0ssica cierra su XVI edici\u00f3n integrando las leyendas cl\u00e1sicas con el avance futuro de la 37 Copa Am\u00e9rica - Puig Vela Cl\u00e0ssica Barcelona","isPartOf":{"@id":"https:\/\/mail.puigvelaclasica.com\/es\/#website"},"primaryImageOfPage":{"@id":"https:\/\/www.puigvelaclassica.com\/es\/la-regata-puig-vela-classica-cierra-su-xvi-edicion-integrando-las-leyendas-clasicas-con-el-avance-futuro-de-la-37-copa-america\/#primaryimage"},"image":{"@id":"https:\/\/www.puigvelaclassica.com\/es\/la-regata-puig-vela-classica-cierra-su-xvi-edicion-integrando-las-leyendas-clasicas-con-el-avance-futuro-de-la-37-copa-america\/#primaryimage"},"thumbnailUrl":"https:\/\/hundreds-wordpress-uploads.s3.amazonaws.com\/velaclassica\/uploads\/2024\/01\/Marigan.jpeg","datePublished":"2023-07-15T18:20:49+00:00","dateModified":"2024-02-22T22:33:26+00:00","author":{"@id":"https:\/\/mail.puigvelaclasica.com\/es\/#\/schema\/person\/0f1f6cd6f23050a19e91a3003de34c7e"},"description":"La Regata Puig Vela Cl\u00e0ssica cierra su XVI edici\u00f3n integrando las leyendas cl\u00e1sicas con el avance futuro de la 37 Copa Am\u00e9rica","breadcrumb":{"@id":"https:\/\/www.puigvelaclassica.com\/es\/la-regata-puig-vela-classica-cierra-su-xvi-edicion-integrando-las-leyendas-clasicas-con-el-avance-futuro-de-la-37-copa-america\/#breadcrumb"},"inLanguage":"es","potentialAction":[{"@type":"ReadAction","target":["https:\/\/www.puigvelaclassica.com\/es\/la-regata-puig-vela-classica-cierra-su-xvi-edicion-integrando-las-leyendas-clasicas-con-el-avance-futuro-de-la-37-copa-america\/"]}]},{"@type":"ImageObject","inLanguage":"es","@id":"https:\/\/www.puigvelaclassica.com\/es\/la-regata-puig-vela-classica-cierra-su-xvi-edicion-integrando-las-leyendas-clasicas-con-el-avance-futuro-de-la-37-copa-america\/#primaryimage","url":"https:\/\/hundreds-wordpress-uploads.s3.amazonaws.com\/velaclassica\/uploads\/2024\/01\/Marigan.jpeg","contentUrl":"https:\/\/hundreds-wordpress-uploads.s3.amazonaws.com\/velaclassica\/uploads\/2024\/01\/Marigan.jpeg","width":1500,"height":1000,"caption":"14\/7\/23 - PUIG VELA CLASSICA BARCELONA XVI EDITION"},{"@type":"BreadcrumbList","@id":"https:\/\/www.puigvelaclassica.com\/es\/la-regata-puig-vela-classica-cierra-su-xvi-edicion-integrando-las-leyendas-clasicas-con-el-avance-futuro-de-la-37-copa-america\/#breadcrumb","itemListElement":[{"@type":"ListItem","position":1,"name":"Home","item":"https:\/\/mail.puigvelaclasica.com\/es\/"},{"@type":"ListItem","position":2,"name":"La Regata Puig Vela Cl\u00e0ssica cierra su XVI edici\u00f3n integrando las leyendas cl\u00e1sicas con el avance futuro de la 37 Copa Am\u00e9rica"}]},{"@type":"WebSite","@id":"https:\/\/mail.puigvelaclasica.com\/es\/#website","url":"https:\/\/mail.puigvelaclasica.com\/es\/","name":"Puig Vela Cl\u00e0ssica Barcelona","description":"","potentialAction":[{"@type":"SearchAction","target":{"@type":"EntryPoint","urlTemplate":"https:\/\/mail.puigvelaclasica.com\/es\/?s={search_term_string}"},"query-input":{"@type":"PropertyValueSpecification","valueRequired":true,"valueName":"search_term_string"}}],"inLanguage":"es"},{"@type":"Person","@id":"https:\/\/mail.puigvelaclasica.com\/es\/#\/schema\/person\/0f1f6cd6f23050a19e91a3003de34c7e","name":"velaclassica","image":{"@type":"ImageObject","inLanguage":"es","@id":"https:\/\/mail.puigvelaclasica.com\/es\/#\/schema\/person\/image\/","url":"https:\/\/secure.gravatar.com\/avatar\/18a97ff0e5d67038bad233b79246a7f922424d224871d207487c88e471e664c2?s=96&d=mm&r=g","contentUrl":"https:\/\/secure.gravatar.com\/avatar\/18a97ff0e5d67038bad233b79246a7f922424d224871d207487c88e471e664c2?s=96&d=mm&r=g","caption":"velaclassica"},"sameAs":["https:\/\/puigvelaclassica.com\/"],"url":"https:\/\/www.puigvelaclassica.com\/es\/author\/velaclassica\/"}]}},"_links":{"self":[{"href":"https:\/\/www.puigvelaclassica.com\/es\/wp-json\/wp\/v2\/posts\/205","targetHints":{"allow":["GET"]}}],"collection":[{"href":"https:\/\/www.puigvelaclassica.com\/es\/wp-json\/wp\/v2\/posts"}],"about":[{"href":"https:\/\/www.puigvelaclassica.com\/es\/wp-json\/wp\/v2\/types\/post"}],"author":[{"embeddable":true,"href":"https:\/\/www.puigvelaclassica.com\/es\/wp-json\/wp\/v2\/users\/1"}],"replies":[{"embeddable":true,"href":"https:\/\/www.puigvelaclassica.com\/es\/wp-json\/wp\/v2\/comments?post=205"}],"version-history":[{"count":2,"href":"https:\/\/www.puigvelaclassica.com\/es\/wp-json\/wp\/v2\/posts\/205\/revisions"}],"predecessor-version":[{"id":7729,"href":"https:\/\/www.puigvelaclassica.com\/es\/wp-json\/wp\/v2\/posts\/205\/revisions\/7729"}],"wp:featuredmedia":[{"embeddable":true,"href":"https:\/\/www.puigvelaclassica.com\/es\/wp-json\/wp\/v2\/media\/191"}],"wp:attachment":[{"href":"https:\/\/www.puigvelaclassica.com\/es\/wp-json\/wp\/v2\/media?parent=205"}],"wp:term":[{"taxonomy":"category","embeddable":true,"href":"https:\/\/www.puigvelaclassica.com\/es\/wp-json\/wp\/v2\/categories?post=205"}],"curies":[{"name":"wp","href":"https:\/\/api.w.org\/{rel}","templated":true}]}}